{"id":141,"date":"2020-05-10T21:38:00","date_gmt":"2020-05-10T21:38:00","guid":{"rendered":"http:\/\/jfacroll.com\/?p=141"},"modified":"2020-05-11T12:14:43","modified_gmt":"2020-05-11T12:14:43","slug":"somos-imbeciles","status":"publish","type":"post","link":"https:\/\/jfacroll.com\/index.php\/2020\/05\/10\/somos-imbeciles\/","title":{"rendered":"Somos imb\u00e9ciles"},"content":{"rendered":"\n<p>Hoy he tenido un d\u00eda de mierda. Y lo cuento no porque crea que le importa a alguien, que ya se que no. Lo cuento porque creo que es necesario hablar de estas cosas. He tenido un d\u00eda de mierda por una acumulaci\u00f3n de agobios varios, desde el trabajo, a problemas familiares, pasando por la facultad, y por mi propio estado de salud. Y ahora, cuando por fin veo que este d\u00eda acaba, me he sentado a reflexionar y a pensar en todo lo que supone el confinamiento y la pandemia. <\/p>\n\n\n\n<p>Creo que somos imb\u00e9ciles, y lo digo as\u00ed, sin pa\u00f1os calientes. Estamos todos tratando de hacer como si no pasase nada, intentando ser igual de productivos o m\u00e1s que cuando trabaj\u00e1bamos presencialmente, siguiendo un ritmo de clases normal o m\u00e1s ajetreado si cabe, tratando de mantener nuestra vida social a trav\u00e9s de las redes sociales, de no desatender a nuestra familia y seres queridos, hacer deporte, comer sano, cocinar, mantener la casa limpia, agradecer el esfuerzo del personal de primera l\u00ednea, al tanto de las noticias, pendientes de si la gente que nos rodea necesita algo, cuidando al extremo nuestra higiene en cada m\u00edsera salida a comprar, lavando a conciencia cada producto que entra en nuestra casa, lav\u00e1ndonos de nuevo nosotros, lavando el suelo que pisamos, ventilando la casa, volviendo a lavarnos las manos por lo que pueda a pasar, leyendo noticias de gente necia que dice que Pedro S\u00e1nchez nos tiene encerrados porque es el mism\u00edsimo Satan\u00e1s, que Pablo Iglesias es un comunista que pasa la cuarentena en un chalet y si salta la cuarentena cada quince segundos, ue Fernando Sim\u00f3n no sabe d\u00f3nde tiene la cara, viendo las fotos de Ayuso a lo Bernarda Alba, escuchando las amenazas para no apoyar el estado de alarma, las reclamaciones de los nacionalistas o las propuestas de manifestaciones desde el coche de Abascal, escuchando a un presidente que dice que hay que tender la mano y cooperar, pero leyendo luego un tuit en el que dice su partido que ellos son los \u00fanicos que cuidan a los madrile\u00f1os&#8230;<\/p>\n\n\n\n<p>Somos imb\u00e9ciles. No hemos aprendido nada. <\/p>\n\n\n\n<p>Estoy hasta los cojones, las pelotas, los test\u00edculos y los huevos. Me perdon\u00e1is, pero es que tengo que soltarlo. Todos hemos incumplido en alg\u00fan momento el confinamiento, o no hemos sido lo estrictos que deber\u00edamos ser. Todos somos responsables de esto, porque el que m\u00e1s o el que menos ha criticado o hablado de m\u00e1s sin saber de lo que habla. Todos estamos hasta las narices. Y yo ya me rindo. Lo siento por mis responsabilidades, mis obligaciones, la econom\u00eda, el pa\u00eds y el universo. No puedo seguir pretendiendo que no pasa nada y que puedo trabajar y rendir al mismo ritmo de siempre, porque no puedo. Y no puedo porque me puede el miedo, la ansiedad y la incertidumbre. Antes pod\u00eda trabajar 4 horas y rend\u00eda como si fuesen 10, ahora echo 10 y parece que he trabajado 15 minutos, pero no lo puedo evitar. No soy un h\u00e9roe, ni una m\u00e1quina. No puedo parar de pensar: pienso en que el turismo me da de comer, pero que, por segunda vez en mi vida laboral, voy a tener que hacerle frente a una crisis. La primera me pill\u00f3 en casa, con mis padres. Ahora tengo 30 a\u00f1os, vivo solo y por desgracia mi madre ya no est\u00e1, aunque tengo la suerte de tener a mi padre. No puedo parar de pensar en mis amigos: algunos en el paro, otros en el extranjero, solos y lejos de su familia, otros en ERTES. No puedo parar de pensar en mi familia, en sus problemas, enfermedades, miedos y en que los echo de menos. No puedo para de pensar en todo lo que tengo que hacer, en que ahora no es momento de quejarse y en que si los sanitarios pueden, el resto tenemos que poder tambi\u00e9n. Y eso me crea m\u00e1s tensi\u00f3n y me agobia m\u00e1s. No puedo parar de pensar en la gente necia que cree que esto es un montaje, que nuestros derechos se est\u00e1n viendo afectados y que tenemos derecho a salir a la calle. No puedo para de pensar en que, sinceramente, me importa una mierda no poder salir a la calle, aunque lo est\u00e9 deseando, pero si que yo me quede encerrado hace que no muera uno de mis vecinos, a la mierda mis derechos, porque no soy nadie para poner en riesgo la vida de los dem\u00e1s. No puedo parar de pensar en que, aunque he dicho eso, necesito tomarme una cerveza con mis amigos, porque antes desconectaba con ellos y liberaba la tensi\u00f3n en un bar, un paseo o el cine, pero ahora ellos son el cine, y los veo detr\u00e1s de la pantalla. No puedo parar de pensar en que necesito verlos, meterme con ellos, que se metan conmigo, beber de su vaso porque a m\u00ed ya no me queda cerveza ni dinero para pedirme otra y re\u00edrnos hasta que duela la barriga. No puedo parar de pensar que esos pensamientos son ego\u00edstas e irresponsables, y que esas sensaciones tardar\u00e1n en volver. <\/p>\n\n\n\n<p>No puedo ni quiero seguir fingiendo que no pasa nada, que todos somos superh\u00e9roes y que os adaptamos a la nueva realidad. No puedo, no quiero y no creo que sea sano. Tengo miedo, estoy acojonado, me siento solo, echo de menos la gente, la vida, a mis turistas y mis mapas. Echo de menos las clases infumables de dos horas, el bus 8 tan lleno que no puedes respirar y pelearme con la gente por un hueco en un bar. Echo de menos no poder andar por la calle de la cantidad de gente que hay, el ruido que hay en las calles de mi Gran\u00e1 y pasear sin miedo a no tener la distancia de seguridad. Tengo miedo por el futuro, estoy cansado y aburrido de que en este pa\u00eds todo sea gresca, conflicto, acusaciones y bolas de mierda. Estoy cansado de los pol\u00edticos, me aburren, me parecen pat\u00e9ticos y si escr\u00fapulos en su mayor\u00eda. Al mismo tiempo, me dan pena S\u00e1nchez, Ayuso, Almeida, Iglesias, Moreno y todos y cada uno de los pol\u00edticos, sanitarios, cajeros, transportistas y dem\u00e1s personal de primera l\u00ednea, porque no me puedo imaginar lo que tienen que llevar encima. Me da pena hasta Abascal, que si en esta situaci\u00f3n no puede dejar a un lado su odio, creo que no podr\u00e1 nunca. Pero si hay alguien que me da pena y al que compadezco, es a Fernando Sim\u00f3n, al que no conozco de absolutamente nada. No s\u00e9 qui\u00e9n es, si lo est\u00e1 haciendo bien, mal, si la est\u00e1 cagando o si lo est\u00e1 haciendo genial. Me da pena por la responsabilidad que tiene, por la cara de cansancio, por lo que tiene que aguantar, por el esfuerzo que hace y porque me parece un hombre entra\u00f1able. Me da pena todo, estoy hasta los cojones y me da pereza que todo lo que se diga o se haga en este pa\u00eds signifique gresca, conflicto o bronca. <\/p>\n\n\n\n<p>No quiero seguir fingiendo que todo est\u00e1 normal, ninguno lo estamos. Estamos todos desbordados, desquiciados y pa tomar orfidales como si fuesen pipas. Y dicho esto, ma\u00f1ana me levantar\u00e9, tratar\u00e9 de seguir adelante con todas mis obligaciones, clases, trabajos, entregas, familia, amigos, deporte, limpieza, aplausos, aficiones y dem\u00e1s historias para llevar una cuarententa sana, pero sin perder de vista que esta situaci\u00f3n no es normal, y que actuar como si lo fuese es de ser inconscientes, y eso s\u00ed que no tiene vacuna. <\/p>\n","protected":false},"excerpt":{"rendered":"<p>Hoy he tenido un d\u00eda de mierda. Y lo cuento no porque crea que le importa a alguien, que ya se que no. Lo cuento porque creo que es necesario hablar de estas cosas. He tenido un d\u00eda de mierda por una acumulaci\u00f3n de agobios varios, desde el trabajo, a problemas familiares, pasando por la [&hellip;]<\/p>\n","protected":false},"author":1,"featured_media":143,"comment_status":"open","ping_status":"open","sticky":false,"template":"","format":"standard","meta":{"footnotes":""},"categories":[2],"tags":[5,6,4],"yoast_head":"<!-- This site is optimized with the Yoast SEO plugin v22.5 - https:\/\/yoast.com\/wordpress\/plugins\/seo\/ -->\n<title>Somos imb\u00e9ciles - J.F. Acroll<\/title>\n<meta name=\"robots\" content=\"index, follow, max-snippet:-1, max-image-preview:large, max-video-preview:-1\" \/>\n<link rel=\"canonical\" href=\"https:\/\/jfacroll.com\/index.php\/2020\/05\/10\/somos-imbeciles\/\" \/>\n<meta property=\"og:locale\" content=\"es_ES\" \/>\n<meta property=\"og:type\" content=\"article\" \/>\n<meta property=\"og:title\" content=\"Somos imb\u00e9ciles - J.F. Acroll\" \/>\n<meta property=\"og:description\" content=\"Hoy he tenido un d\u00eda de mierda. Y lo cuento no porque crea que le importa a alguien, que ya se que no. Lo cuento porque creo que es necesario hablar de estas cosas. He tenido un d\u00eda de mierda por una acumulaci\u00f3n de agobios varios, desde el trabajo, a problemas familiares, pasando por la [&hellip;]\" \/>\n<meta property=\"og:url\" content=\"https:\/\/jfacroll.com\/index.php\/2020\/05\/10\/somos-imbeciles\/\" \/>\n<meta property=\"og:site_name\" content=\"J.F. Acroll\" \/>\n<meta property=\"article:publisher\" content=\"https:\/\/twitter.com\/JFAcroll\" \/>\n<meta property=\"article:published_time\" content=\"2020-05-10T21:38:00+00:00\" \/>\n<meta property=\"article:modified_time\" content=\"2020-05-11T12:14:43+00:00\" \/>\n<meta property=\"og:image\" content=\"https:\/\/jfacroll.com\/wp-content\/uploads\/2020\/05\/Sin-nombre.jpg\" \/>\n\t<meta property=\"og:image:width\" content=\"1366\" \/>\n\t<meta property=\"og:image:height\" content=\"768\" \/>\n\t<meta property=\"og:image:type\" content=\"image\/jpeg\" \/>\n<meta name=\"author\" content=\"jfacroll\" \/>\n<meta name=\"twitter:card\" content=\"summary_large_image\" \/>\n<meta name=\"twitter:creator\" content=\"@JFAcroll\" \/>\n<meta name=\"twitter:site\" content=\"@JFAcroll\" \/>\n<meta name=\"twitter:label1\" content=\"Escrito por\" \/>\n\t<meta name=\"twitter:data1\" content=\"jfacroll\" \/>\n\t<meta name=\"twitter:label2\" content=\"Tiempo de lectura\" \/>\n\t<meta name=\"twitter:data2\" content=\"7 minutos\" \/>\n<script type=\"application\/ld+json\" class=\"yoast-schema-graph\">{\"@context\":\"https:\/\/schema.org\",\"@graph\":[{\"@type\":\"WebPage\",\"@id\":\"https:\/\/jfacroll.com\/index.php\/2020\/05\/10\/somos-imbeciles\/\",\"url\":\"https:\/\/jfacroll.com\/index.php\/2020\/05\/10\/somos-imbeciles\/\",\"name\":\"Somos imb\u00e9ciles - J.F. Acroll\",\"isPartOf\":{\"@id\":\"https:\/\/jfacroll.com\/#website\"},\"primaryImageOfPage\":{\"@id\":\"https:\/\/jfacroll.com\/index.php\/2020\/05\/10\/somos-imbeciles\/#primaryimage\"},\"image\":{\"@id\":\"https:\/\/jfacroll.com\/index.php\/2020\/05\/10\/somos-imbeciles\/#primaryimage\"},\"thumbnailUrl\":\"https:\/\/jfacroll.com\/wp-content\/uploads\/2020\/05\/Sin-nombre.jpg\",\"datePublished\":\"2020-05-10T21:38:00+00:00\",\"dateModified\":\"2020-05-11T12:14:43+00:00\",\"author\":{\"@id\":\"https:\/\/jfacroll.com\/#\/schema\/person\/8a16b01cecf36a8f350684c8dd9f2fbe\"},\"breadcrumb\":{\"@id\":\"https:\/\/jfacroll.com\/index.php\/2020\/05\/10\/somos-imbeciles\/#breadcrumb\"},\"inLanguage\":\"es\",\"potentialAction\":[{\"@type\":\"ReadAction\",\"target\":[\"https:\/\/jfacroll.com\/index.php\/2020\/05\/10\/somos-imbeciles\/\"]}]},{\"@type\":\"ImageObject\",\"inLanguage\":\"es\",\"@id\":\"https:\/\/jfacroll.com\/index.php\/2020\/05\/10\/somos-imbeciles\/#primaryimage\",\"url\":\"https:\/\/jfacroll.com\/wp-content\/uploads\/2020\/05\/Sin-nombre.jpg\",\"contentUrl\":\"https:\/\/jfacroll.com\/wp-content\/uploads\/2020\/05\/Sin-nombre.jpg\",\"width\":1366,\"height\":768},{\"@type\":\"BreadcrumbList\",\"@id\":\"https:\/\/jfacroll.com\/index.php\/2020\/05\/10\/somos-imbeciles\/#breadcrumb\",\"itemListElement\":[{\"@type\":\"ListItem\",\"position\":1,\"name\":\"Home\",\"item\":\"https:\/\/jfacroll.com\/\"},{\"@type\":\"ListItem\",\"position\":2,\"name\":\"Somos imb\u00e9ciles\"}]},{\"@type\":\"WebSite\",\"@id\":\"https:\/\/jfacroll.com\/#website\",\"url\":\"https:\/\/jfacroll.com\/\",\"name\":\"J.F. Acroll\",\"description\":\"Bienvenidos a Ma&#039;oz\",\"potentialAction\":[{\"@type\":\"SearchAction\",\"target\":{\"@type\":\"EntryPoint\",\"urlTemplate\":\"https:\/\/jfacroll.com\/?s={search_term_string}\"},\"query-input\":\"required name=search_term_string\"}],\"inLanguage\":\"es\"},{\"@type\":\"Person\",\"@id\":\"https:\/\/jfacroll.com\/#\/schema\/person\/8a16b01cecf36a8f350684c8dd9f2fbe\",\"name\":\"jfacroll\",\"image\":{\"@type\":\"ImageObject\",\"inLanguage\":\"es\",\"@id\":\"https:\/\/jfacroll.com\/#\/schema\/person\/image\/\",\"url\":\"https:\/\/secure.gravatar.com\/avatar\/6e4dad8dd9e0d291014022ae4b59dd45?s=96&d=mm&r=g\",\"contentUrl\":\"https:\/\/secure.gravatar.com\/avatar\/6e4dad8dd9e0d291014022ae4b59dd45?s=96&d=mm&r=g\",\"caption\":\"jfacroll\"},\"url\":\"https:\/\/jfacroll.com\/index.php\/author\/jfacroll\/\"}]}<\/script>\n<!-- \/ Yoast SEO plugin. -->","yoast_head_json":{"title":"Somos imb\u00e9ciles - J.F. Acroll","robots":{"index":"index","follow":"follow","max-snippet":"max-snippet:-1","max-image-preview":"max-image-preview:large","max-video-preview":"max-video-preview:-1"},"canonical":"https:\/\/jfacroll.com\/index.php\/2020\/05\/10\/somos-imbeciles\/","og_locale":"es_ES","og_type":"article","og_title":"Somos imb\u00e9ciles - J.F. Acroll","og_description":"Hoy he tenido un d\u00eda de mierda. Y lo cuento no porque crea que le importa a alguien, que ya se que no. Lo cuento porque creo que es necesario hablar de estas cosas. He tenido un d\u00eda de mierda por una acumulaci\u00f3n de agobios varios, desde el trabajo, a problemas familiares, pasando por la [&hellip;]","og_url":"https:\/\/jfacroll.com\/index.php\/2020\/05\/10\/somos-imbeciles\/","og_site_name":"J.F. Acroll","article_publisher":"https:\/\/twitter.com\/JFAcroll","article_published_time":"2020-05-10T21:38:00+00:00","article_modified_time":"2020-05-11T12:14:43+00:00","og_image":[{"width":1366,"height":768,"url":"https:\/\/jfacroll.com\/wp-content\/uploads\/2020\/05\/Sin-nombre.jpg","type":"image\/jpeg"}],"author":"jfacroll","twitter_card":"summary_large_image","twitter_creator":"@JFAcroll","twitter_site":"@JFAcroll","twitter_misc":{"Escrito por":"jfacroll","Tiempo de lectura":"7 minutos"},"schema":{"@context":"https:\/\/schema.org","@graph":[{"@type":"WebPage","@id":"https:\/\/jfacroll.com\/index.php\/2020\/05\/10\/somos-imbeciles\/","url":"https:\/\/jfacroll.com\/index.php\/2020\/05\/10\/somos-imbeciles\/","name":"Somos imb\u00e9ciles - J.F. Acroll","isPartOf":{"@id":"https:\/\/jfacroll.com\/#website"},"primaryImageOfPage":{"@id":"https:\/\/jfacroll.com\/index.php\/2020\/05\/10\/somos-imbeciles\/#primaryimage"},"image":{"@id":"https:\/\/jfacroll.com\/index.php\/2020\/05\/10\/somos-imbeciles\/#primaryimage"},"thumbnailUrl":"https:\/\/jfacroll.com\/wp-content\/uploads\/2020\/05\/Sin-nombre.jpg","datePublished":"2020-05-10T21:38:00+00:00","dateModified":"2020-05-11T12:14:43+00:00","author":{"@id":"https:\/\/jfacroll.com\/#\/schema\/person\/8a16b01cecf36a8f350684c8dd9f2fbe"},"breadcrumb":{"@id":"https:\/\/jfacroll.com\/index.php\/2020\/05\/10\/somos-imbeciles\/#breadcrumb"},"inLanguage":"es","potentialAction":[{"@type":"ReadAction","target":["https:\/\/jfacroll.com\/index.php\/2020\/05\/10\/somos-imbeciles\/"]}]},{"@type":"ImageObject","inLanguage":"es","@id":"https:\/\/jfacroll.com\/index.php\/2020\/05\/10\/somos-imbeciles\/#primaryimage","url":"https:\/\/jfacroll.com\/wp-content\/uploads\/2020\/05\/Sin-nombre.jpg","contentUrl":"https:\/\/jfacroll.com\/wp-content\/uploads\/2020\/05\/Sin-nombre.jpg","width":1366,"height":768},{"@type":"BreadcrumbList","@id":"https:\/\/jfacroll.com\/index.php\/2020\/05\/10\/somos-imbeciles\/#breadcrumb","itemListElement":[{"@type":"ListItem","position":1,"name":"Home","item":"https:\/\/jfacroll.com\/"},{"@type":"ListItem","position":2,"name":"Somos imb\u00e9ciles"}]},{"@type":"WebSite","@id":"https:\/\/jfacroll.com\/#website","url":"https:\/\/jfacroll.com\/","name":"J.F. Acroll","description":"Bienvenidos a Ma&#039;oz","potentialAction":[{"@type":"SearchAction","target":{"@type":"EntryPoint","urlTemplate":"https:\/\/jfacroll.com\/?s={search_term_string}"},"query-input":"required name=search_term_string"}],"inLanguage":"es"},{"@type":"Person","@id":"https:\/\/jfacroll.com\/#\/schema\/person\/8a16b01cecf36a8f350684c8dd9f2fbe","name":"jfacroll","image":{"@type":"ImageObject","inLanguage":"es","@id":"https:\/\/jfacroll.com\/#\/schema\/person\/image\/","url":"https:\/\/secure.gravatar.com\/avatar\/6e4dad8dd9e0d291014022ae4b59dd45?s=96&d=mm&r=g","contentUrl":"https:\/\/secure.gravatar.com\/avatar\/6e4dad8dd9e0d291014022ae4b59dd45?s=96&d=mm&r=g","caption":"jfacroll"},"url":"https:\/\/jfacroll.com\/index.php\/author\/jfacroll\/"}]}},"_links":{"self":[{"href":"https:\/\/jfacroll.com\/index.php\/wp-json\/wp\/v2\/posts\/141"}],"collection":[{"href":"https:\/\/jfacroll.com\/index.php\/wp-json\/wp\/v2\/posts"}],"about":[{"href":"https:\/\/jfacroll.com\/index.php\/wp-json\/wp\/v2\/types\/post"}],"author":[{"embeddable":true,"href":"https:\/\/jfacroll.com\/index.php\/wp-json\/wp\/v2\/users\/1"}],"replies":[{"embeddable":true,"href":"https:\/\/jfacroll.com\/index.php\/wp-json\/wp\/v2\/comments?post=141"}],"version-history":[{"count":2,"href":"https:\/\/jfacroll.com\/index.php\/wp-json\/wp\/v2\/posts\/141\/revisions"}],"predecessor-version":[{"id":144,"href":"https:\/\/jfacroll.com\/index.php\/wp-json\/wp\/v2\/posts\/141\/revisions\/144"}],"wp:featuredmedia":[{"embeddable":true,"href":"https:\/\/jfacroll.com\/index.php\/wp-json\/wp\/v2\/media\/143"}],"wp:attachment":[{"href":"https:\/\/jfacroll.com\/index.php\/wp-json\/wp\/v2\/media?parent=141"}],"wp:term":[{"taxonomy":"category","embeddable":true,"href":"https:\/\/jfacroll.com\/index.php\/wp-json\/wp\/v2\/categories?post=141"},{"taxonomy":"post_tag","embeddable":true,"href":"https:\/\/jfacroll.com\/index.php\/wp-json\/wp\/v2\/tags?post=141"}],"curies":[{"name":"wp","href":"https:\/\/api.w.org\/{rel}","templated":true}]}}