{"id":133,"date":"2020-02-04T21:23:11","date_gmt":"2020-02-04T21:23:11","guid":{"rendered":"http:\/\/jfacroll.com\/?p=133"},"modified":"2020-02-04T21:23:11","modified_gmt":"2020-02-04T21:23:11","slug":"trabajen","status":"publish","type":"post","link":"https:\/\/jfacroll.com\/index.php\/2020\/02\/04\/trabajen\/","title":{"rendered":"Trabajen"},"content":{"rendered":"\n<p>Hace algo m\u00e1s de dos meses que mi madre muri\u00f3 a causa de un c\u00e1ncer. Para los que no lo hayan vivido de cerca, el c\u00e1ncer es una enfermedad extrema. Por supuesto, el que m\u00e1s sufre es el enfermo, pero como en la gran mayor\u00eda de problemas de salud, su terrible poder salta de familiar en familiar, complicando todo y haciendo de cada d\u00eda un reto. Cuando trabajas, ese reto se multiplica. Atender a una persona enferma de c\u00e1ncer, en estado terminal y totalmente dependiente ya es un trabajo. El peor que puedes tener. No por lo que supone, que al fin y al cabo no deja de ser estar cerca de una persona que te necesita y a la que amas. Es el peor trabajo porque no sabes hacerlo, ni puedes aprender en cuesti\u00f3n de d\u00edas. Concretamente, la enfermedad de mi madre, llamada mieloma m\u00faltiple, es terriblemente compleja. Un mal movimiento y los huesos se le pod\u00edan romper, por lo que atender a una persona en esas circunstancias es terriblemente complejo. Por supuesto, no es una labor que puedas hacer solo, y mucho menos si tienes un trabajo de verdad, de esos en los que si faltas te despiden y si lo haces mal te quedas sin sueldo a final de mes. Esa es la parte buena de \u201ctrabajar\u201d cuidando a tu madre: a pesar de que fallamos cientos de veces, ella siempre respondi\u00f3 con amor y agradecimiento. <\/p>\n\n\n\n<p>Cuando la enfermedad avanza, llega un punto en que es imposible que sigas solo. Compatibilizar tu trabajo, con m\u00e9dicos, quimios, radioterapias, estudio y con tratar de no perder la cabeza se convierte en un reto. En mi familia, por suerte, hemos podido pasar mucho tiempo organiz\u00e1ndonos&#8230;pero lleg\u00f3 un d\u00eda en que ya no pod\u00edamos m\u00e1s. Lleg\u00f3 un d\u00eda en que la enfermedad alcanz\u00f3 tal l\u00edmite que a los huesos rotos se fueron sumando muchas otras complicaciones, y cuando el enfermo no puede hacer nada por s\u00ed mismo, empieza a sufrir por sus cuidadores. S\u00ed, mi madre sufri\u00f3 de ver los problemas que mi hermana empez\u00f3 a tener en el trabajo para \u201cconciliar\u201d su vida familiar con la laboral. Mi madre sufri\u00f3 al ver que mi hermana solicitaba una excedencia para ayudarnos m\u00e1s de lo que ya estaba ayudando, porque \u00e9ramos incapaces de aguantar mucho m\u00e1s. Pero especialmente, mi madre sufri\u00f3 cuando a mi hermana, personal laboral de una administraci\u00f3n p\u00fablica, que deber\u00eda ser ejemplar en estas cuestiones, se le deneg\u00f3 la excedencia porque se supon\u00eda que, con mi presencia, era suficiente. <\/p>\n\n\n\n<p>Cr\u00e9ame, ojal\u00e1 hubiese sido suficiente. Ojal\u00e1 no hubi\u00e9semos llegado a ese punto. Mi hermana ha intentado durante meses que se le diesen cambios de turnos, permisos para poder seguir organiz\u00e1ndonos, incluso una excedencia. Nada bastaba. El c\u00e1ncer no para, el c\u00e1ncer no entiende de problemas en el trabajo, ni de retrasos en las citas de la consulta del m\u00e9dico. El c\u00e1ncer no entiende que yo, el \u201ccuidador principal\u201d tuviese un brote tras otro de colitis ulcerosa y no pudiese tirar de mi cuerpo. No entiende de denegaciones de excedencias. El c\u00e1ncer no entiende de las necesidades de nadie, ni de los problemas como la ansiedad o la depresi\u00f3n que puede llegar a causar en los familiares y en los enfermos. El c\u00e1ncer no entiende de nada. Una vez que ya no hay m\u00e1s tratamiento, el c\u00e1ncer de lo \u00fanico que entiende es de muerte. <\/p>\n\n\n\n<p>Los enfermos y los familiares de c\u00e1ncer no necesitamos que el Ministro del Interior, que quiero creer que nunca fue consciente de los problemas de mi hermana en el ministerio que \u00e9l dirige, se haga una foto para apoyarnos. Los enfermos y familiares de c\u00e1ncer necesitamos que las empresas y, en especial, las administraciones p\u00fablicas sean ejemplares. Habr\u00e1 mil razones para que a mi hermana le denegasen la excedencia (laborales, econ\u00f3micas o cualquier otra). Pero hay una \u00fanica raz\u00f3n, de mayor peso, para que se la hubiesen concedido: una sociedad se mide por c\u00f3mo trata a aquellos que no pueden defenderse y cuidarse por s\u00ed mismos. Cuando la sociedad pasa a primar otros intereses antes que los de las personas, es que es una sociedad podrida. <\/p>\n\n\n\n<p>Por suerte, no toda la sociedad es as\u00ed. Mi hermana tuvo problemas en su trabajo, quiz\u00e1 por la falta de humanidad de sus jefes directos y no por causa del Ministro del Interior que hoy se hace una foto para apoyar a los enfermos de c\u00e1ncer y sus familiares. Yo, en cambio, tuve compa\u00f1eros (casi todos) y jefes muy humanos ( y la suerte de, tras a\u00f1os de trabajos precarios, conseguir uno que me permitiese vivir y haber podido dedicar gran parte de mi tiempo a cuidar a mi madre enferma). Pero \u00bfno deber\u00eda ser la regla? <\/p>\n\n\n\n<p>No s\u00e9 si el nuevo gobierno arreglar\u00e1 este tipo de cuestiones, lo que s\u00ed s\u00e9 es que lo que nosotros hemos sufrido no se lo deseo a nadie. Ni a los jefes de mi hermana, a los que guardo un profundo rencor por su falta de humanidad con mi familia. Tampoco al Ministro del Interior, a pesar de no arreglar los grav\u00edsimos problemas de personal de su ministerio. Me da igual lo que diga Bruselas, lo que digan los presupuestos, o lo que diga la crisis econ\u00f3mica o el techo de gasto. Me importa un bledo las mil excusas que puedan poner. Las administraciones p\u00fablicas deben ser ejemplares y ser las primeras en ser consecuentes con expresiones tan chulis como \u201cconciliaci\u00f3n\u201d. Es imposible que los trabajadores de la Sanidad P\u00fablica concilien sus vidas personales con las profesionales cuando hay un d\u00e9ficit terrible en los hospitales de todo tipo de empleados. Es imposible que, en muchas otras administraciones, los trabajadores puedan cuidar a hijos, enfermos o dependientes si en lugar de contar con la plantilla establecida en la Relaci\u00f3n de Puestos de Trabajo se cuenta con la mitad. <\/p>\n\n\n\n<p>Dejen de mentir. Trabajen. Si quieren hacer algo por los enfermos de c\u00e1ncer y sus familias, cubran las plantillas de los hospitales y centros de salud, cubran las plantillas de las administraciones p\u00fablicas que est\u00e1n bajo m\u00ednimos. \u00bfNo hay dinero? \u00bfEsa va a ser su respuesta? Tranquilos, tengo la soluci\u00f3n. Dejen ustedes de cobrar y con el sueldo de cada uno de los pol\u00edticos de este pa\u00eds, contraten a un m\u00e9dico, un investigador o un espa\u00f1ol de a pie sin recursos. No, no pretendo que mueran ustedes de hambre, ni les deseo ning\u00fan mal. Solo quiero que vivan en sus carnes lo que pasan muchas familias espa\u00f1olas en su d\u00eda a d\u00eda. Vayan ustedes a una sala de quimioterapia. Por ejemplo en el Hospital Virgen de las Nieves, en el que muchas semanas varios enfermos de c\u00e1ncer se quedan sin su tratamiento. Pidan cita para su centro de salud p\u00fablico, pero p\u00eddanla con tiempo, porque necesitar\u00e1n una previsi\u00f3n de varias semanas para que la reducida plantilla de su centro pueda atenderles. O mejor, vayan a urgencias, a que el personal sanitario que llevan trabajando 20 horas les atienda y no cometa un error porque tras horas viendo un paciente tras otro vea las letras de su historial borrosas. <\/p>\n\n\n\n<p>Como sociedad estamos perdiendo la cabeza. \u00bfQuieren ustedes ayudar a los enfermos? Trabajen. Escuchen a asociaciones como Justicia por la Sanidad, con propuestas y planteamientos reales para solucionar los problemas de la gente. Dejen las ruedas de prensa absurdas, las cortinas de humo, las rencillas pol\u00edticas, el baile de sillones. \u00bfQuieren ustedes ganar elecciones? Trabajen. Porque si ustedes hacen su trabajo, la gente sabr\u00e1 verlo. Y si no lo ven, y pierden ustedes las pr\u00f3ximas elecciones, les dir\u00e9 un secreto: no pasa nada, la vida seguir\u00e1. A nuestro presidente le preocupa mucho dormir bien por las noches, y no hay nada mejor para dormir bien por las noches que irte a la cama sabiendo que has hecho todo lo posible para hacer tu trabajo bien. <\/p>\n\n\n\n<p>Mi hermana y yo lo intentamos todos los d\u00edas, antes de morir mi madre y despu\u00e9s. Ella nos ense\u00f1\u00f3 que con trabajo y amor por lo que haces, las cosas saldr\u00e1n o no, pero al menos dormir\u00e1s tranquilo por haberlo intentado. Mi hermana, de hecho, ha tratado de hacer bien su trabajo incluso con la mitad de la plantilla, con las historias tan duras que ve\u00eda en su d\u00eda a d\u00eda, y estando mi madre en estado terminal. Si ella ha podido, hasta llegar a tener problemas de ansiedad por la falta de comprensi\u00f3n de la administraci\u00f3n p\u00fablica, f\u00edjense lo mucho que podr\u00edan ustedes conseguir si abren las puertas de sus despachos para escuchar a la gente que tiene algo que decir. <\/p>\n\n\n\n<p>Si quieren ayudar a la gente, d\u00e9jense de historias y escuchen las necesidades de la poblaci\u00f3n, sean ejemplares en el trato a los empleados p\u00fablicos, arreglen nuestra necesaria sanidad p\u00fablica&#8230; En definitiva, trabajen.<\/p>\n","protected":false},"excerpt":{"rendered":"<p>Hace algo m\u00e1s de dos meses que mi madre muri\u00f3 a causa de un c\u00e1ncer. Para los que no lo hayan vivido de cerca, el c\u00e1ncer es una enfermedad extrema. Por supuesto, el que m\u00e1s sufre es el enfermo, pero como en la gran mayor\u00eda de problemas de salud, su terrible poder salta de familiar [&hellip;]<\/p>\n","protected":false},"author":1,"featured_media":0,"comment_status":"open","ping_status":"open","sticky":false,"template":"","format":"standard","meta":{"footnotes":""},"categories":[2],"tags":[],"yoast_head":"<!-- This site is optimized with the Yoast SEO plugin v22.5 - https:\/\/yoast.com\/wordpress\/plugins\/seo\/ -->\n<title>Trabajen - J.F. Acroll<\/title>\n<meta name=\"robots\" content=\"index, follow, max-snippet:-1, max-image-preview:large, max-video-preview:-1\" \/>\n<link rel=\"canonical\" href=\"https:\/\/jfacroll.com\/index.php\/2020\/02\/04\/trabajen\/\" \/>\n<meta property=\"og:locale\" content=\"es_ES\" \/>\n<meta property=\"og:type\" content=\"article\" \/>\n<meta property=\"og:title\" content=\"Trabajen - J.F. Acroll\" \/>\n<meta property=\"og:description\" content=\"Hace algo m\u00e1s de dos meses que mi madre muri\u00f3 a causa de un c\u00e1ncer. Para los que no lo hayan vivido de cerca, el c\u00e1ncer es una enfermedad extrema. Por supuesto, el que m\u00e1s sufre es el enfermo, pero como en la gran mayor\u00eda de problemas de salud, su terrible poder salta de familiar [&hellip;]\" \/>\n<meta property=\"og:url\" content=\"https:\/\/jfacroll.com\/index.php\/2020\/02\/04\/trabajen\/\" \/>\n<meta property=\"og:site_name\" content=\"J.F. Acroll\" \/>\n<meta property=\"article:publisher\" content=\"https:\/\/twitter.com\/JFAcroll\" \/>\n<meta property=\"article:published_time\" content=\"2020-02-04T21:23:11+00:00\" \/>\n<meta name=\"author\" content=\"jfacroll\" \/>\n<meta name=\"twitter:card\" content=\"summary_large_image\" \/>\n<meta name=\"twitter:creator\" content=\"@JFAcroll\" \/>\n<meta name=\"twitter:site\" content=\"@JFAcroll\" \/>\n<meta name=\"twitter:label1\" content=\"Escrito por\" \/>\n\t<meta name=\"twitter:data1\" content=\"jfacroll\" \/>\n\t<meta name=\"twitter:label2\" content=\"Tiempo de lectura\" \/>\n\t<meta name=\"twitter:data2\" content=\"8 minutos\" \/>\n<script type=\"application\/ld+json\" class=\"yoast-schema-graph\">{\"@context\":\"https:\/\/schema.org\",\"@graph\":[{\"@type\":\"WebPage\",\"@id\":\"https:\/\/jfacroll.com\/index.php\/2020\/02\/04\/trabajen\/\",\"url\":\"https:\/\/jfacroll.com\/index.php\/2020\/02\/04\/trabajen\/\",\"name\":\"Trabajen - J.F. Acroll\",\"isPartOf\":{\"@id\":\"https:\/\/jfacroll.com\/#website\"},\"datePublished\":\"2020-02-04T21:23:11+00:00\",\"dateModified\":\"2020-02-04T21:23:11+00:00\",\"author\":{\"@id\":\"https:\/\/jfacroll.com\/#\/schema\/person\/8a16b01cecf36a8f350684c8dd9f2fbe\"},\"breadcrumb\":{\"@id\":\"https:\/\/jfacroll.com\/index.php\/2020\/02\/04\/trabajen\/#breadcrumb\"},\"inLanguage\":\"es\",\"potentialAction\":[{\"@type\":\"ReadAction\",\"target\":[\"https:\/\/jfacroll.com\/index.php\/2020\/02\/04\/trabajen\/\"]}]},{\"@type\":\"BreadcrumbList\",\"@id\":\"https:\/\/jfacroll.com\/index.php\/2020\/02\/04\/trabajen\/#breadcrumb\",\"itemListElement\":[{\"@type\":\"ListItem\",\"position\":1,\"name\":\"Home\",\"item\":\"https:\/\/jfacroll.com\/\"},{\"@type\":\"ListItem\",\"position\":2,\"name\":\"Trabajen\"}]},{\"@type\":\"WebSite\",\"@id\":\"https:\/\/jfacroll.com\/#website\",\"url\":\"https:\/\/jfacroll.com\/\",\"name\":\"J.F. Acroll\",\"description\":\"Bienvenidos a Ma&#039;oz\",\"potentialAction\":[{\"@type\":\"SearchAction\",\"target\":{\"@type\":\"EntryPoint\",\"urlTemplate\":\"https:\/\/jfacroll.com\/?s={search_term_string}\"},\"query-input\":\"required name=search_term_string\"}],\"inLanguage\":\"es\"},{\"@type\":\"Person\",\"@id\":\"https:\/\/jfacroll.com\/#\/schema\/person\/8a16b01cecf36a8f350684c8dd9f2fbe\",\"name\":\"jfacroll\",\"image\":{\"@type\":\"ImageObject\",\"inLanguage\":\"es\",\"@id\":\"https:\/\/jfacroll.com\/#\/schema\/person\/image\/\",\"url\":\"https:\/\/secure.gravatar.com\/avatar\/6e4dad8dd9e0d291014022ae4b59dd45?s=96&d=mm&r=g\",\"contentUrl\":\"https:\/\/secure.gravatar.com\/avatar\/6e4dad8dd9e0d291014022ae4b59dd45?s=96&d=mm&r=g\",\"caption\":\"jfacroll\"},\"url\":\"https:\/\/jfacroll.com\/index.php\/author\/jfacroll\/\"}]}<\/script>\n<!-- \/ Yoast SEO plugin. -->","yoast_head_json":{"title":"Trabajen - J.F. Acroll","robots":{"index":"index","follow":"follow","max-snippet":"max-snippet:-1","max-image-preview":"max-image-preview:large","max-video-preview":"max-video-preview:-1"},"canonical":"https:\/\/jfacroll.com\/index.php\/2020\/02\/04\/trabajen\/","og_locale":"es_ES","og_type":"article","og_title":"Trabajen - J.F. Acroll","og_description":"Hace algo m\u00e1s de dos meses que mi madre muri\u00f3 a causa de un c\u00e1ncer. Para los que no lo hayan vivido de cerca, el c\u00e1ncer es una enfermedad extrema. Por supuesto, el que m\u00e1s sufre es el enfermo, pero como en la gran mayor\u00eda de problemas de salud, su terrible poder salta de familiar [&hellip;]","og_url":"https:\/\/jfacroll.com\/index.php\/2020\/02\/04\/trabajen\/","og_site_name":"J.F. Acroll","article_publisher":"https:\/\/twitter.com\/JFAcroll","article_published_time":"2020-02-04T21:23:11+00:00","author":"jfacroll","twitter_card":"summary_large_image","twitter_creator":"@JFAcroll","twitter_site":"@JFAcroll","twitter_misc":{"Escrito por":"jfacroll","Tiempo de lectura":"8 minutos"},"schema":{"@context":"https:\/\/schema.org","@graph":[{"@type":"WebPage","@id":"https:\/\/jfacroll.com\/index.php\/2020\/02\/04\/trabajen\/","url":"https:\/\/jfacroll.com\/index.php\/2020\/02\/04\/trabajen\/","name":"Trabajen - J.F. Acroll","isPartOf":{"@id":"https:\/\/jfacroll.com\/#website"},"datePublished":"2020-02-04T21:23:11+00:00","dateModified":"2020-02-04T21:23:11+00:00","author":{"@id":"https:\/\/jfacroll.com\/#\/schema\/person\/8a16b01cecf36a8f350684c8dd9f2fbe"},"breadcrumb":{"@id":"https:\/\/jfacroll.com\/index.php\/2020\/02\/04\/trabajen\/#breadcrumb"},"inLanguage":"es","potentialAction":[{"@type":"ReadAction","target":["https:\/\/jfacroll.com\/index.php\/2020\/02\/04\/trabajen\/"]}]},{"@type":"BreadcrumbList","@id":"https:\/\/jfacroll.com\/index.php\/2020\/02\/04\/trabajen\/#breadcrumb","itemListElement":[{"@type":"ListItem","position":1,"name":"Home","item":"https:\/\/jfacroll.com\/"},{"@type":"ListItem","position":2,"name":"Trabajen"}]},{"@type":"WebSite","@id":"https:\/\/jfacroll.com\/#website","url":"https:\/\/jfacroll.com\/","name":"J.F. Acroll","description":"Bienvenidos a Ma&#039;oz","potentialAction":[{"@type":"SearchAction","target":{"@type":"EntryPoint","urlTemplate":"https:\/\/jfacroll.com\/?s={search_term_string}"},"query-input":"required name=search_term_string"}],"inLanguage":"es"},{"@type":"Person","@id":"https:\/\/jfacroll.com\/#\/schema\/person\/8a16b01cecf36a8f350684c8dd9f2fbe","name":"jfacroll","image":{"@type":"ImageObject","inLanguage":"es","@id":"https:\/\/jfacroll.com\/#\/schema\/person\/image\/","url":"https:\/\/secure.gravatar.com\/avatar\/6e4dad8dd9e0d291014022ae4b59dd45?s=96&d=mm&r=g","contentUrl":"https:\/\/secure.gravatar.com\/avatar\/6e4dad8dd9e0d291014022ae4b59dd45?s=96&d=mm&r=g","caption":"jfacroll"},"url":"https:\/\/jfacroll.com\/index.php\/author\/jfacroll\/"}]}},"_links":{"self":[{"href":"https:\/\/jfacroll.com\/index.php\/wp-json\/wp\/v2\/posts\/133"}],"collection":[{"href":"https:\/\/jfacroll.com\/index.php\/wp-json\/wp\/v2\/posts"}],"about":[{"href":"https:\/\/jfacroll.com\/index.php\/wp-json\/wp\/v2\/types\/post"}],"author":[{"embeddable":true,"href":"https:\/\/jfacroll.com\/index.php\/wp-json\/wp\/v2\/users\/1"}],"replies":[{"embeddable":true,"href":"https:\/\/jfacroll.com\/index.php\/wp-json\/wp\/v2\/comments?post=133"}],"version-history":[{"count":1,"href":"https:\/\/jfacroll.com\/index.php\/wp-json\/wp\/v2\/posts\/133\/revisions"}],"predecessor-version":[{"id":134,"href":"https:\/\/jfacroll.com\/index.php\/wp-json\/wp\/v2\/posts\/133\/revisions\/134"}],"wp:attachment":[{"href":"https:\/\/jfacroll.com\/index.php\/wp-json\/wp\/v2\/media?parent=133"}],"wp:term":[{"taxonomy":"category","embeddable":true,"href":"https:\/\/jfacroll.com\/index.php\/wp-json\/wp\/v2\/categories?post=133"},{"taxonomy":"post_tag","embeddable":true,"href":"https:\/\/jfacroll.com\/index.php\/wp-json\/wp\/v2\/tags?post=133"}],"curies":[{"name":"wp","href":"https:\/\/api.w.org\/{rel}","templated":true}]}}